{"id":41134,"date":"2024-04-02T12:31:25","date_gmt":"2024-04-02T16:31:25","guid":{"rendered":"https:\/\/oberfeldstag.wpengine.com\/?p=41134"},"modified":"2024-04-02T12:31:58","modified_gmt":"2024-04-02T16:31:58","slug":"lauren-giang-rejoint-oberfeld-snowcap-en-tant-que-vice-president-services-immobiliers-commerciaux-alberta","status":"publish","type":"post","link":"https:\/\/oberfeldsnowcap.com\/fr\/2024\/04\/lauren-giang-rejoint-oberfeld-snowcap-en-tant-que-vice-president-services-immobiliers-commerciaux-alberta\/","title":{"rendered":"Lauren Giang rejoint Oberfeld Snowcap en tant que vice-pr\u00e9sident, Services immobiliers commerciaux Alberta"},"content":{"rendered":"<p>Nous sommes heureux\/reuses d&#8217;annoncer que Lauren Giang se joint \u00e0 Oberfeld Snowcap en tant que vice-pr\u00e9sident, services immobiliers commerciaux, Alberta, \u00e0 compter du 2 avril 2024.<\/p>\n<p>Dans ses nouvelles fonctions, Lauren dirigera la croissance continue d&#8217;Oberfeld Snowcap sur le march\u00e9 albertain. Son exp\u00e9rience approfondie dans l&#8217;industrie, qui s&#8217;\u00e9tend sur plus d&#8217;une d\u00e9cennie, combin\u00e9e \u00e0 sa compr\u00e9hension profonde du secteur de la location et de la vente au d\u00e9tail, fait de lui un ajout formidable \u00e0 notre \u00e9quipe. Lauren apporte avec lui une richesse de connaissances en repr\u00e9sentation des locataires et en relations avec les propri\u00e9taires \u00e0 travers l&#8217;ouest du Canada.<\/p>\n<p>L&#8217;engagement de Lauren envers l&#8217;excellence et son exp\u00e9rience av\u00e9r\u00e9e dans la navigation des complexit\u00e9s du paysage immobilier commercial stimuleront sans aucun doute notre succ\u00e8s continu en Alberta.<\/p>\n<blockquote><p>Je suis ravi de travailler avec un leader collaboratif, bien consid\u00e9r\u00e9 et motiv\u00e9 comme Lauren.<\/p>\n<p>&#8211; Jeff Ross, directeur g\u00e9n\u00e9ral, services immobiliers commerciaux<\/p><\/blockquote>\n<p>Nous sommes impatient.e.s d&#8217;atteindre de nouveaux sommets ensemble ! Bienvenue Lauren.<\/p>\n","protected":false},"excerpt":{"rendered":"<p>Nous sommes heureux\/reuses d&#8217;annoncer que Lauren Giang se joint \u00e0 Oberfeld Snowcap en tant que vice-pr\u00e9sident, services immobiliers commerciaux, Alberta, \u00e0 compter du 2 avril 2024. Dans ses nouvelles fonctions, Lauren dirigera la croissance continue d&#8217;Oberfeld Snowcap sur le march\u00e9 [&hellip;]<\/p>\n","protected":false},"author":10,"featured_media":41133,"comment_status":"open","ping_status":"open","sticky":false,"template":"","format":"standard","meta":{"_acf_changed":false,"om_disable_all_campaigns":false,"_monsterinsights_skip_tracking":false,"_monsterinsights_sitenote_active":false,"_monsterinsights_sitenote_note":"","_monsterinsights_sitenote_category":0,"footnotes":""},"categories":[86,750],"tags":[],"class_list":["post-41134","post","type-post","status-publish","format-standard","has-post-thumbnail","hentry","category-nouveaux-employes","category-news-fr"],"acf":[],"yoast_head":"<!-- This site is optimized with the Yoast SEO Premium plugin v27.0 (Yoast SEO v27.5) - https:\/\/yoast.com\/product\/yoast-seo-premium-wordpress\/ -->\n<title>Lauren Giang rejoint Oberfeld Snowcap en tant que vice-pr\u00e9sident, Services immobiliers commerciaux Alberta - Oberfeld Snowcap<\/title>\n<meta name=\"robots\" content=\"noindex, follow, max-snippet:-1, max-image-preview:large, max-video-preview:-1\" \/>\n<meta property=\"og:locale\" content=\"fr_FR\" \/>\n<meta property=\"og:type\" content=\"article\" \/>\n<meta property=\"og:title\" content=\"Lauren Giang rejoint Oberfeld Snowcap en tant que vice-pr\u00e9sident, Services immobiliers commerciaux Alberta\" \/>\n<meta property=\"og:description\" content=\"Nous sommes heureux\/reuses d&#8217;annoncer que Lauren Giang se joint \u00e0 Oberfeld Snowcap en tant que vice-pr\u00e9sident, services immobiliers commerciaux, Alberta, \u00e0 compter du 2 avril 2024. Dans ses nouvelles fonctions, Lauren dirigera la croissance continue d&#8217;Oberfeld Snowcap sur le march\u00e9 [&hellip;]\" \/>\n<meta property=\"og:url\" content=\"https:\/\/oberfeldsnowcap.com\/fr\/2024\/04\/lauren-giang-rejoint-oberfeld-snowcap-en-tant-que-vice-president-services-immobiliers-commerciaux-alberta\/\" \/>\n<meta property=\"og:site_name\" content=\"Oberfeld Snowcap\" \/>\n<meta property=\"article:published_time\" content=\"2024-04-02T16:31:25+00:00\" \/>\n<meta property=\"article:modified_time\" content=\"2024-04-02T16:31:58+00:00\" \/>\n<meta property=\"og:image\" content=\"https:\/\/oberfeldsnowcap.com\/wp-content\/uploads\/2024\/04\/DSZ_4917-scaled-e1712070870114.jpg\" \/>\n\t<meta property=\"og:image:width\" content=\"2560\" \/>\n\t<meta property=\"og:image:height\" content=\"1696\" \/>\n\t<meta property=\"og:image:type\" content=\"image\/jpeg\" \/>\n<meta name=\"author\" content=\"Genevieve Laverdure\" \/>\n<meta name=\"twitter:label1\" content=\"Written by\" \/>\n\t<meta name=\"twitter:data1\" content=\"Genevieve Laverdure\" \/>\n\t<meta name=\"twitter:label2\" content=\"Est. reading time\" \/>\n\t<meta name=\"twitter:data2\" content=\"1 minute\" \/>\n<script type=\"application\/ld+json\" class=\"yoast-schema-graph\">{\"@context\":\"https:\\\/\\\/schema.org\",\"@graph\":[{\"@type\":\"Article\",\"@id\":\"https:\\\/\\\/oberfeldsnowcap.com\\\/fr\\\/2024\\\/04\\\/lauren-giang-rejoint-oberfeld-snowcap-en-tant-que-vice-president-services-immobiliers-commerciaux-alberta\\\/#article\",\"isPartOf\":{\"@id\":\"https:\\\/\\\/oberfeldsnowcap.com\\\/fr\\\/2024\\\/04\\\/lauren-giang-rejoint-oberfeld-snowcap-en-tant-que-vice-president-services-immobiliers-commerciaux-alberta\\\/\"},\"author\":{\"name\":\"Genevieve Laverdure\",\"@id\":\"https:\\\/\\\/oberfeldsnowcap.com\\\/#\\\/schema\\\/person\\\/a0bd48058704143de1d1ab53dbb2200c\"},\"headline\":\"Lauren Giang rejoint Oberfeld Snowcap en tant que vice-pr\u00e9sident, Services immobiliers commerciaux Alberta\",\"datePublished\":\"2024-04-02T16:31:25+00:00\",\"dateModified\":\"2024-04-02T16:31:58+00:00\",\"mainEntityOfPage\":{\"@id\":\"https:\\\/\\\/oberfeldsnowcap.com\\\/fr\\\/2024\\\/04\\\/lauren-giang-rejoint-oberfeld-snowcap-en-tant-que-vice-president-services-immobiliers-commerciaux-alberta\\\/\"},\"wordCount\":195,\"commentCount\":0,\"publisher\":{\"@id\":\"https:\\\/\\\/oberfeldsnowcap.com\\\/#organization\"},\"image\":{\"@id\":\"https:\\\/\\\/oberfeldsnowcap.com\\\/fr\\\/2024\\\/04\\\/lauren-giang-rejoint-oberfeld-snowcap-en-tant-que-vice-president-services-immobiliers-commerciaux-alberta\\\/#primaryimage\"},\"thumbnailUrl\":\"https:\\\/\\\/oberfeldsnowcap.com\\\/wp-content\\\/uploads\\\/2024\\\/04\\\/DSZ_4917-scaled-e1712070870114.jpg\",\"articleSection\":[\"Nouveaux employ\u00e9s\",\"Nouvelles\"],\"inLanguage\":\"fr-FR\",\"potentialAction\":[{\"@type\":\"CommentAction\",\"name\":\"Comment\",\"target\":[\"https:\\\/\\\/oberfeldsnowcap.com\\\/fr\\\/2024\\\/04\\\/lauren-giang-rejoint-oberfeld-snowcap-en-tant-que-vice-president-services-immobiliers-commerciaux-alberta\\\/#respond\"]}]},{\"@type\":\"WebPage\",\"@id\":\"https:\\\/\\\/oberfeldsnowcap.com\\\/fr\\\/2024\\\/04\\\/lauren-giang-rejoint-oberfeld-snowcap-en-tant-que-vice-president-services-immobiliers-commerciaux-alberta\\\/\",\"url\":\"https:\\\/\\\/oberfeldsnowcap.com\\\/fr\\\/2024\\\/04\\\/lauren-giang-rejoint-oberfeld-snowcap-en-tant-que-vice-president-services-immobiliers-commerciaux-alberta\\\/\",\"name\":\"Lauren Giang rejoint Oberfeld Snowcap en tant que vice-pr\u00e9sident, Services immobiliers commerciaux Alberta - Oberfeld Snowcap\",\"isPartOf\":{\"@id\":\"https:\\\/\\\/oberfeldsnowcap.com\\\/#website\"},\"primaryImageOfPage\":{\"@id\":\"https:\\\/\\\/oberfeldsnowcap.com\\\/fr\\\/2024\\\/04\\\/lauren-giang-rejoint-oberfeld-snowcap-en-tant-que-vice-president-services-immobiliers-commerciaux-alberta\\\/#primaryimage\"},\"image\":{\"@id\":\"https:\\\/\\\/oberfeldsnowcap.com\\\/fr\\\/2024\\\/04\\\/lauren-giang-rejoint-oberfeld-snowcap-en-tant-que-vice-president-services-immobiliers-commerciaux-alberta\\\/#primaryimage\"},\"thumbnailUrl\":\"https:\\\/\\\/oberfeldsnowcap.com\\\/wp-content\\\/uploads\\\/2024\\\/04\\\/DSZ_4917-scaled-e1712070870114.jpg\",\"datePublished\":\"2024-04-02T16:31:25+00:00\",\"dateModified\":\"2024-04-02T16:31:58+00:00\",\"breadcrumb\":{\"@id\":\"https:\\\/\\\/oberfeldsnowcap.com\\\/fr\\\/2024\\\/04\\\/lauren-giang-rejoint-oberfeld-snowcap-en-tant-que-vice-president-services-immobiliers-commerciaux-alberta\\\/#breadcrumb\"},\"inLanguage\":\"fr-FR\",\"potentialAction\":[{\"@type\":\"ReadAction\",\"target\":[\"https:\\\/\\\/oberfeldsnowcap.com\\\/fr\\\/2024\\\/04\\\/lauren-giang-rejoint-oberfeld-snowcap-en-tant-que-vice-president-services-immobiliers-commerciaux-alberta\\\/\"]}]},{\"@type\":\"ImageObject\",\"inLanguage\":\"fr-FR\",\"@id\":\"https:\\\/\\\/oberfeldsnowcap.com\\\/fr\\\/2024\\\/04\\\/lauren-giang-rejoint-oberfeld-snowcap-en-tant-que-vice-president-services-immobiliers-commerciaux-alberta\\\/#primaryimage\",\"url\":\"https:\\\/\\\/oberfeldsnowcap.com\\\/wp-content\\\/uploads\\\/2024\\\/04\\\/DSZ_4917-scaled-e1712070870114.jpg\",\"contentUrl\":\"https:\\\/\\\/oberfeldsnowcap.com\\\/wp-content\\\/uploads\\\/2024\\\/04\\\/DSZ_4917-scaled-e1712070870114.jpg\",\"width\":2560,\"height\":1696},{\"@type\":\"BreadcrumbList\",\"@id\":\"https:\\\/\\\/oberfeldsnowcap.com\\\/fr\\\/2024\\\/04\\\/lauren-giang-rejoint-oberfeld-snowcap-en-tant-que-vice-president-services-immobiliers-commerciaux-alberta\\\/#breadcrumb\",\"itemListElement\":[{\"@type\":\"ListItem\",\"position\":1,\"name\":\"Home\",\"item\":\"https:\\\/\\\/oberfeldsnowcap.com\\\/fr\\\/\"},{\"@type\":\"ListItem\",\"position\":2,\"name\":\"Lauren Giang rejoint Oberfeld Snowcap en tant que vice-pr\u00e9sident, Services immobiliers commerciaux Alberta\"}]},{\"@type\":\"WebSite\",\"@id\":\"https:\\\/\\\/oberfeldsnowcap.com\\\/#website\",\"url\":\"https:\\\/\\\/oberfeldsnowcap.com\\\/\",\"name\":\"Oberfeld Snowcap\",\"description\":\"Commercial Real Estate &amp; Retail Advisory Services\",\"publisher\":{\"@id\":\"https:\\\/\\\/oberfeldsnowcap.com\\\/#organization\"},\"potentialAction\":[{\"@type\":\"SearchAction\",\"target\":{\"@type\":\"EntryPoint\",\"urlTemplate\":\"https:\\\/\\\/oberfeldsnowcap.com\\\/?s={search_term_string}\"},\"query-input\":{\"@type\":\"PropertyValueSpecification\",\"valueRequired\":true,\"valueName\":\"search_term_string\"}}],\"inLanguage\":\"fr-FR\"},{\"@type\":\"Organization\",\"@id\":\"https:\\\/\\\/oberfeldsnowcap.com\\\/#organization\",\"name\":\"OberfeldSnowcap\",\"url\":\"https:\\\/\\\/oberfeldsnowcap.com\\\/\",\"logo\":{\"@type\":\"ImageObject\",\"inLanguage\":\"fr-FR\",\"@id\":\"https:\\\/\\\/oberfeldsnowcap.com\\\/#\\\/schema\\\/logo\\\/image\\\/\",\"url\":\"https:\\\/\\\/oberfeldsnowcap.com\\\/wp-content\\\/uploads\\\/2021\\\/11\\\/2021_OS_BlackLine.png\",\"contentUrl\":\"https:\\\/\\\/oberfeldsnowcap.com\\\/wp-content\\\/uploads\\\/2021\\\/11\\\/2021_OS_BlackLine.png\",\"width\":792,\"height\":119,\"caption\":\"OberfeldSnowcap\"},\"image\":{\"@id\":\"https:\\\/\\\/oberfeldsnowcap.com\\\/#\\\/schema\\\/logo\\\/image\\\/\"},\"sameAs\":[\"https:\\\/\\\/x.com\\\/OberfeldSnowcap\",\"https:\\\/\\\/www.linkedin.com\\\/company\\\/130196?trk=tyah&amp;amp;trkInfo=clickedVertical:company,clickedEntityId:130196,idx:2-1-8,tarId:1468512726540,tas:oberfeld\"]},{\"@type\":\"Person\",\"@id\":\"https:\\\/\\\/oberfeldsnowcap.com\\\/#\\\/schema\\\/person\\\/a0bd48058704143de1d1ab53dbb2200c\",\"name\":\"Genevieve Laverdure\",\"image\":{\"@type\":\"ImageObject\",\"inLanguage\":\"fr-FR\",\"@id\":\"https:\\\/\\\/secure.gravatar.com\\\/avatar\\\/1b7da8a830b56473faee3ddae4c28ca99476a699d5c799df52b61021a4a0dca8?s=96&d=mm&r=g\",\"url\":\"https:\\\/\\\/secure.gravatar.com\\\/avatar\\\/1b7da8a830b56473faee3ddae4c28ca99476a699d5c799df52b61021a4a0dca8?s=96&d=mm&r=g\",\"contentUrl\":\"https:\\\/\\\/secure.gravatar.com\\\/avatar\\\/1b7da8a830b56473faee3ddae4c28ca99476a699d5c799df52b61021a4a0dca8?s=96&d=mm&r=g\",\"caption\":\"Genevieve Laverdure\"}}]}<\/script>\n<!-- \/ Yoast SEO Premium plugin. -->","yoast_head_json":{"title":"Lauren Giang rejoint Oberfeld Snowcap en tant que vice-pr\u00e9sident, Services immobiliers commerciaux Alberta - Oberfeld Snowcap","robots":{"index":"noindex","follow":"follow","max-snippet":"max-snippet:-1","max-image-preview":"max-image-preview:large","max-video-preview":"max-video-preview:-1"},"og_locale":"fr_FR","og_type":"article","og_title":"Lauren Giang rejoint Oberfeld Snowcap en tant que vice-pr\u00e9sident, Services immobiliers commerciaux Alberta","og_description":"Nous sommes heureux\/reuses d&#8217;annoncer que Lauren Giang se joint \u00e0 Oberfeld Snowcap en tant que vice-pr\u00e9sident, services immobiliers commerciaux, Alberta, \u00e0 compter du 2 avril 2024. Dans ses nouvelles fonctions, Lauren dirigera la croissance continue d&#8217;Oberfeld Snowcap sur le march\u00e9 [&hellip;]","og_url":"https:\/\/oberfeldsnowcap.com\/fr\/2024\/04\/lauren-giang-rejoint-oberfeld-snowcap-en-tant-que-vice-president-services-immobiliers-commerciaux-alberta\/","og_site_name":"Oberfeld Snowcap","article_published_time":"2024-04-02T16:31:25+00:00","article_modified_time":"2024-04-02T16:31:58+00:00","og_image":[{"width":2560,"height":1696,"url":"https:\/\/oberfeldsnowcap.com\/wp-content\/uploads\/2024\/04\/DSZ_4917-scaled-e1712070870114.jpg","type":"image\/jpeg"}],"author":"Genevieve Laverdure","twitter_misc":{"Written by":"Genevieve Laverdure","Est. reading time":"1 minute"},"schema":{"@context":"https:\/\/schema.org","@graph":[{"@type":"Article","@id":"https:\/\/oberfeldsnowcap.com\/fr\/2024\/04\/lauren-giang-rejoint-oberfeld-snowcap-en-tant-que-vice-president-services-immobiliers-commerciaux-alberta\/#article","isPartOf":{"@id":"https:\/\/oberfeldsnowcap.com\/fr\/2024\/04\/lauren-giang-rejoint-oberfeld-snowcap-en-tant-que-vice-president-services-immobiliers-commerciaux-alberta\/"},"author":{"name":"Genevieve Laverdure","@id":"https:\/\/oberfeldsnowcap.com\/#\/schema\/person\/a0bd48058704143de1d1ab53dbb2200c"},"headline":"Lauren Giang rejoint Oberfeld Snowcap en tant que vice-pr\u00e9sident, Services immobiliers commerciaux Alberta","datePublished":"2024-04-02T16:31:25+00:00","dateModified":"2024-04-02T16:31:58+00:00","mainEntityOfPage":{"@id":"https:\/\/oberfeldsnowcap.com\/fr\/2024\/04\/lauren-giang-rejoint-oberfeld-snowcap-en-tant-que-vice-president-services-immobiliers-commerciaux-alberta\/"},"wordCount":195,"commentCount":0,"publisher":{"@id":"https:\/\/oberfeldsnowcap.com\/#organization"},"image":{"@id":"https:\/\/oberfeldsnowcap.com\/fr\/2024\/04\/lauren-giang-rejoint-oberfeld-snowcap-en-tant-que-vice-president-services-immobiliers-commerciaux-alberta\/#primaryimage"},"thumbnailUrl":"https:\/\/oberfeldsnowcap.com\/wp-content\/uploads\/2024\/04\/DSZ_4917-scaled-e1712070870114.jpg","articleSection":["Nouveaux employ\u00e9s","Nouvelles"],"inLanguage":"fr-FR","potentialAction":[{"@type":"CommentAction","name":"Comment","target":["https:\/\/oberfeldsnowcap.com\/fr\/2024\/04\/lauren-giang-rejoint-oberfeld-snowcap-en-tant-que-vice-president-services-immobiliers-commerciaux-alberta\/#respond"]}]},{"@type":"WebPage","@id":"https:\/\/oberfeldsnowcap.com\/fr\/2024\/04\/lauren-giang-rejoint-oberfeld-snowcap-en-tant-que-vice-president-services-immobiliers-commerciaux-alberta\/","url":"https:\/\/oberfeldsnowcap.com\/fr\/2024\/04\/lauren-giang-rejoint-oberfeld-snowcap-en-tant-que-vice-president-services-immobiliers-commerciaux-alberta\/","name":"Lauren Giang rejoint Oberfeld Snowcap en tant que vice-pr\u00e9sident, Services immobiliers commerciaux Alberta - Oberfeld Snowcap","isPartOf":{"@id":"https:\/\/oberfeldsnowcap.com\/#website"},"primaryImageOfPage":{"@id":"https:\/\/oberfeldsnowcap.com\/fr\/2024\/04\/lauren-giang-rejoint-oberfeld-snowcap-en-tant-que-vice-president-services-immobiliers-commerciaux-alberta\/#primaryimage"},"image":{"@id":"https:\/\/oberfeldsnowcap.com\/fr\/2024\/04\/lauren-giang-rejoint-oberfeld-snowcap-en-tant-que-vice-president-services-immobiliers-commerciaux-alberta\/#primaryimage"},"thumbnailUrl":"https:\/\/oberfeldsnowcap.com\/wp-content\/uploads\/2024\/04\/DSZ_4917-scaled-e1712070870114.jpg","datePublished":"2024-04-02T16:31:25+00:00","dateModified":"2024-04-02T16:31:58+00:00","breadcrumb":{"@id":"https:\/\/oberfeldsnowcap.com\/fr\/2024\/04\/lauren-giang-rejoint-oberfeld-snowcap-en-tant-que-vice-president-services-immobiliers-commerciaux-alberta\/#breadcrumb"},"inLanguage":"fr-FR","potentialAction":[{"@type":"ReadAction","target":["https:\/\/oberfeldsnowcap.com\/fr\/2024\/04\/lauren-giang-rejoint-oberfeld-snowcap-en-tant-que-vice-president-services-immobiliers-commerciaux-alberta\/"]}]},{"@type":"ImageObject","inLanguage":"fr-FR","@id":"https:\/\/oberfeldsnowcap.com\/fr\/2024\/04\/lauren-giang-rejoint-oberfeld-snowcap-en-tant-que-vice-president-services-immobiliers-commerciaux-alberta\/#primaryimage","url":"https:\/\/oberfeldsnowcap.com\/wp-content\/uploads\/2024\/04\/DSZ_4917-scaled-e1712070870114.jpg","contentUrl":"https:\/\/oberfeldsnowcap.com\/wp-content\/uploads\/2024\/04\/DSZ_4917-scaled-e1712070870114.jpg","width":2560,"height":1696},{"@type":"BreadcrumbList","@id":"https:\/\/oberfeldsnowcap.com\/fr\/2024\/04\/lauren-giang-rejoint-oberfeld-snowcap-en-tant-que-vice-president-services-immobiliers-commerciaux-alberta\/#breadcrumb","itemListElement":[{"@type":"ListItem","position":1,"name":"Home","item":"https:\/\/oberfeldsnowcap.com\/fr\/"},{"@type":"ListItem","position":2,"name":"Lauren Giang rejoint Oberfeld Snowcap en tant que vice-pr\u00e9sident, Services immobiliers commerciaux Alberta"}]},{"@type":"WebSite","@id":"https:\/\/oberfeldsnowcap.com\/#website","url":"https:\/\/oberfeldsnowcap.com\/","name":"Oberfeld Snowcap","description":"Commercial Real Estate &amp; Retail Advisory Services","publisher":{"@id":"https:\/\/oberfeldsnowcap.com\/#organization"},"potentialAction":[{"@type":"SearchAction","target":{"@type":"EntryPoint","urlTemplate":"https:\/\/oberfeldsnowcap.com\/?s={search_term_string}"},"query-input":{"@type":"PropertyValueSpecification","valueRequired":true,"valueName":"search_term_string"}}],"inLanguage":"fr-FR"},{"@type":"Organization","@id":"https:\/\/oberfeldsnowcap.com\/#organization","name":"OberfeldSnowcap","url":"https:\/\/oberfeldsnowcap.com\/","logo":{"@type":"ImageObject","inLanguage":"fr-FR","@id":"https:\/\/oberfeldsnowcap.com\/#\/schema\/logo\/image\/","url":"https:\/\/oberfeldsnowcap.com\/wp-content\/uploads\/2021\/11\/2021_OS_BlackLine.png","contentUrl":"https:\/\/oberfeldsnowcap.com\/wp-content\/uploads\/2021\/11\/2021_OS_BlackLine.png","width":792,"height":119,"caption":"OberfeldSnowcap"},"image":{"@id":"https:\/\/oberfeldsnowcap.com\/#\/schema\/logo\/image\/"},"sameAs":["https:\/\/x.com\/OberfeldSnowcap","https:\/\/www.linkedin.com\/company\/130196?trk=tyah&amp;amp;trkInfo=clickedVertical:company,clickedEntityId:130196,idx:2-1-8,tarId:1468512726540,tas:oberfeld"]},{"@type":"Person","@id":"https:\/\/oberfeldsnowcap.com\/#\/schema\/person\/a0bd48058704143de1d1ab53dbb2200c","name":"Genevieve Laverdure","image":{"@type":"ImageObject","inLanguage":"fr-FR","@id":"https:\/\/secure.gravatar.com\/avatar\/1b7da8a830b56473faee3ddae4c28ca99476a699d5c799df52b61021a4a0dca8?s=96&d=mm&r=g","url":"https:\/\/secure.gravatar.com\/avatar\/1b7da8a830b56473faee3ddae4c28ca99476a699d5c799df52b61021a4a0dca8?s=96&d=mm&r=g","contentUrl":"https:\/\/secure.gravatar.com\/avatar\/1b7da8a830b56473faee3ddae4c28ca99476a699d5c799df52b61021a4a0dca8?s=96&d=mm&r=g","caption":"Genevieve Laverdure"}}]}},"_links":{"self":[{"href":"https:\/\/oberfeldsnowcap.com\/fr\/wp-json\/wp\/v2\/posts\/41134","targetHints":{"allow":["GET"]}}],"collection":[{"href":"https:\/\/oberfeldsnowcap.com\/fr\/wp-json\/wp\/v2\/posts"}],"about":[{"href":"https:\/\/oberfeldsnowcap.com\/fr\/wp-json\/wp\/v2\/types\/post"}],"author":[{"embeddable":true,"href":"https:\/\/oberfeldsnowcap.com\/fr\/wp-json\/wp\/v2\/users\/10"}],"replies":[{"embeddable":true,"href":"https:\/\/oberfeldsnowcap.com\/fr\/wp-json\/wp\/v2\/comments?post=41134"}],"version-history":[{"count":0,"href":"https:\/\/oberfeldsnowcap.com\/fr\/wp-json\/wp\/v2\/posts\/41134\/revisions"}],"wp:featuredmedia":[{"embeddable":true,"href":"https:\/\/oberfeldsnowcap.com\/fr\/wp-json\/wp\/v2\/media\/41133"}],"wp:attachment":[{"href":"https:\/\/oberfeldsnowcap.com\/fr\/wp-json\/wp\/v2\/media?parent=41134"}],"wp:term":[{"taxonomy":"category","embeddable":true,"href":"https:\/\/oberfeldsnowcap.com\/fr\/wp-json\/wp\/v2\/categories?post=41134"},{"taxonomy":"post_tag","embeddable":true,"href":"https:\/\/oberfeldsnowcap.com\/fr\/wp-json\/wp\/v2\/tags?post=41134"}],"curies":[{"name":"wp","href":"https:\/\/api.w.org\/{rel}","templated":true}]}}