{"id":40925,"date":"2024-02-22T16:52:43","date_gmt":"2024-02-22T21:52:43","guid":{"rendered":"https:\/\/oberfeldstag.wpengine.com\/?p=40925"},"modified":"2024-02-28T14:32:29","modified_gmt":"2024-02-28T19:32:29","slug":"jay-freedman-nomme-president-doberfeld-snowcap-toronto","status":"publish","type":"post","link":"https:\/\/oberfeldsnowcap.com\/fr\/2024\/02\/jay-freedman-nomme-president-doberfeld-snowcap-toronto\/","title":{"rendered":"Jay Freedman &#8211; Nomm\u00e9 pr\u00e9sident d\u2019Oberfeld Snowcap Toronto"},"content":{"rendered":"<p>Jay Freedman a \u00e9t\u00e9 nomm\u00e9 pr\u00e9sident d\u2019Oberfeld Snowcap, \u00e0 compter du 1er d\u00e9cembre. Dans son nouveau r\u00f4le, Jay sera responsable de toutes les<\/p>\n<p>divisions ax\u00e9es sur le client.\u00a0 Il s\u2019agit d\u2019une \u00e9tape importante dans l\u2019\u00e9volution du leadership de l\u2019entreprise et souligne encore davantage l\u2019engagement d\u2019Oberfeld Snowcap envers le d\u00e9veloppement des employ\u00e9s et la promotion interne.<\/p>\n<p>Le leadership de Jay tout au long de la pand\u00e9mie a jou\u00e9 un r\u00f4le d\u00e9terminant dans la position de force actuelle d\u2019Oberfeld Snowcap dans une industrie o\u00f9 de nombreux autres ont \u00e9t\u00e9 confront\u00e9s \u00e0 des d\u00e9fis importants. L\u2019expertise de Jay est essentielle \u00e0 la capacit\u00e9 d\u2019Oberfeld Snowcap \u00e0 continuer de cro\u00eetre et d\u2019\u00e9largir ses offres de services existantes et nouvelles. Aujourd\u2019hui, en plus de notre solide activit\u00e9 nationale de repr\u00e9sentation de locataires au Canada, nous continuons de d\u00e9velopper de multiples offres de services avec notre activit\u00e9 d\u2019inscription au Qu\u00e9bec, que nous pr\u00e9voyons de d\u00e9ployer \u00e0 l\u2019\u00e9chelle nationale, ainsi qu\u2019une activit\u00e9 nationale de repr\u00e9sentation de locataires \u00e0 croissance rapide aux \u00c9tats-Unis.<\/p>\n<blockquote><p>La gestion consolid\u00e9e de la prise de d\u00e9cision strat\u00e9gique et le leadership de croissance de toutes ces offres de services sous la direction de Jay positionneront Oberfeld Snowcap avec la concentration d\u00e9di\u00e9e et la force du succ\u00e8s \u2013 ce qui, nous en sommes convaincus, entra\u00eenera une valeur et des avantages accrus pour nos clients. ainsi que pour les membres de l\u2019\u00e9quipe OS \u00bb, a d\u00e9clar\u00e9 Harley Oberfeld, chef de la direction d\u2019Oberfeld Snowcap.<\/p><\/blockquote>\n<p>En f\u00e9vrier 2010, Jay s\u2019est joint \u00e0 Oberfeld Snowcap \u00e0 notre bureau de Montr\u00e9al en tant qu\u2019associ\u00e9, services clients et a d\u00e9montr\u00e9 d\u00e8s le d\u00e9but un haut niveau d\u2019excellence au niveau du service aux clients et en se concentrant sur leurs besoins d\u2019affaires. Ayant d\u00e9m\u00e9nag\u00e9 \u00e0 Toronto en 2012, Jay a \u00e9t\u00e9 promu vice-pr\u00e9sident, services clients en 2015 et nomm\u00e9 vice-pr\u00e9sident<\/p>\n<p>ex\u00e9cutif, d\u00e9veloppement des affaires et relations clients en 2019.<\/p>\n<p>Harley Oberfeld continuera \u00e0 assumer son r\u00f4le de chef de la direction, en se concentrant sur l\u2019orientation strat\u00e9gique de la croissance \u00e0 long terme et sur le leadership d\u2019Oberfeld Snowcap.<\/p>\n","protected":false},"excerpt":{"rendered":"<p>Jay Freedman a \u00e9t\u00e9 nomm\u00e9 pr\u00e9sident d\u2019Oberfeld Snowcap, \u00e0 compter du 1er d\u00e9cembre. Dans son nouveau r\u00f4le, Jay sera responsable de toutes les divisions ax\u00e9es sur le client.\u00a0 Il s\u2019agit d\u2019une \u00e9tape importante dans l\u2019\u00e9volution du leadership de l\u2019entreprise et [&hellip;]<\/p>\n","protected":false},"author":10,"featured_media":40924,"comment_status":"open","ping_status":"open","sticky":false,"template":"","format":"standard","meta":{"_acf_changed":false,"om_disable_all_campaigns":false,"_monsterinsights_skip_tracking":false,"_monsterinsights_sitenote_active":false,"_monsterinsights_sitenote_note":"","_monsterinsights_sitenote_category":0,"footnotes":""},"categories":[745,56,750],"tags":[],"class_list":["post-40925","post","type-post","status-publish","format-standard","has-post-thumbnail","hentry","category-blog-fr","category-non-classifiee","category-news-fr"],"acf":[],"yoast_head":"<!-- This site is optimized with the Yoast SEO Premium plugin v27.0 (Yoast SEO v27.4) - https:\/\/yoast.com\/product\/yoast-seo-premium-wordpress\/ -->\n<title>Jay Freedman - Nomm\u00e9 pr\u00e9sident d\u2019Oberfeld Snowcap Toronto - Oberfeld Snowcap<\/title>\n<meta name=\"robots\" content=\"noindex, follow, max-snippet:-1, max-image-preview:large, max-video-preview:-1\" \/>\n<meta property=\"og:locale\" content=\"fr_FR\" \/>\n<meta property=\"og:type\" content=\"article\" \/>\n<meta property=\"og:title\" content=\"Jay Freedman - Nomm\u00e9 pr\u00e9sident d\u2019Oberfeld Snowcap Toronto\" \/>\n<meta property=\"og:description\" content=\"Jay Freedman a \u00e9t\u00e9 nomm\u00e9 pr\u00e9sident d\u2019Oberfeld Snowcap, \u00e0 compter du 1er d\u00e9cembre. Dans son nouveau r\u00f4le, Jay sera responsable de toutes les divisions ax\u00e9es sur le client.\u00a0 Il s\u2019agit d\u2019une \u00e9tape importante dans l\u2019\u00e9volution du leadership de l\u2019entreprise et [&hellip;]\" \/>\n<meta property=\"og:url\" content=\"https:\/\/oberfeldsnowcap.com\/fr\/2024\/02\/jay-freedman-nomme-president-doberfeld-snowcap-toronto\/\" \/>\n<meta property=\"og:site_name\" content=\"Oberfeld Snowcap\" \/>\n<meta property=\"article:published_time\" content=\"2024-02-22T21:52:43+00:00\" \/>\n<meta property=\"article:modified_time\" content=\"2024-02-28T19:32:29+00:00\" \/>\n<meta property=\"og:image\" content=\"https:\/\/oberfeldsnowcap.com\/wp-content\/uploads\/2024\/02\/CHP5470_Jay-Freedman.jpg\" \/>\n\t<meta property=\"og:image:width\" content=\"1966\" \/>\n\t<meta property=\"og:image:height\" content=\"1311\" \/>\n\t<meta property=\"og:image:type\" content=\"image\/jpeg\" \/>\n<meta name=\"author\" content=\"Genevieve Laverdure\" \/>\n<meta name=\"twitter:label1\" content=\"Written by\" \/>\n\t<meta name=\"twitter:data1\" content=\"Genevieve Laverdure\" \/>\n\t<meta name=\"twitter:label2\" content=\"Est. reading time\" \/>\n\t<meta name=\"twitter:data2\" content=\"2 minutes\" \/>\n<script type=\"application\/ld+json\" class=\"yoast-schema-graph\">{\"@context\":\"https:\\\/\\\/schema.org\",\"@graph\":[{\"@type\":\"Article\",\"@id\":\"https:\\\/\\\/oberfeldsnowcap.com\\\/fr\\\/2024\\\/02\\\/jay-freedman-nomme-president-doberfeld-snowcap-toronto\\\/#article\",\"isPartOf\":{\"@id\":\"https:\\\/\\\/oberfeldsnowcap.com\\\/fr\\\/2024\\\/02\\\/jay-freedman-nomme-president-doberfeld-snowcap-toronto\\\/\"},\"author\":{\"name\":\"Genevieve Laverdure\",\"@id\":\"https:\\\/\\\/oberfeldsnowcap.com\\\/#\\\/schema\\\/person\\\/a0bd48058704143de1d1ab53dbb2200c\"},\"headline\":\"Jay Freedman &#8211; Nomm\u00e9 pr\u00e9sident d\u2019Oberfeld Snowcap Toronto\",\"datePublished\":\"2024-02-22T21:52:43+00:00\",\"dateModified\":\"2024-02-28T19:32:29+00:00\",\"mainEntityOfPage\":{\"@id\":\"https:\\\/\\\/oberfeldsnowcap.com\\\/fr\\\/2024\\\/02\\\/jay-freedman-nomme-president-doberfeld-snowcap-toronto\\\/\"},\"wordCount\":393,\"commentCount\":0,\"publisher\":{\"@id\":\"https:\\\/\\\/oberfeldsnowcap.com\\\/#organization\"},\"image\":{\"@id\":\"https:\\\/\\\/oberfeldsnowcap.com\\\/fr\\\/2024\\\/02\\\/jay-freedman-nomme-president-doberfeld-snowcap-toronto\\\/#primaryimage\"},\"thumbnailUrl\":\"https:\\\/\\\/oberfeldsnowcap.com\\\/wp-content\\\/uploads\\\/2024\\\/02\\\/CHP5470_Jay-Freedman.jpg\",\"articleSection\":[\"Blogue\",\"Non classifi\u00e9(e)\",\"Nouvelles\"],\"inLanguage\":\"fr-FR\",\"potentialAction\":[{\"@type\":\"CommentAction\",\"name\":\"Comment\",\"target\":[\"https:\\\/\\\/oberfeldsnowcap.com\\\/fr\\\/2024\\\/02\\\/jay-freedman-nomme-president-doberfeld-snowcap-toronto\\\/#respond\"]}]},{\"@type\":\"WebPage\",\"@id\":\"https:\\\/\\\/oberfeldsnowcap.com\\\/fr\\\/2024\\\/02\\\/jay-freedman-nomme-president-doberfeld-snowcap-toronto\\\/\",\"url\":\"https:\\\/\\\/oberfeldsnowcap.com\\\/fr\\\/2024\\\/02\\\/jay-freedman-nomme-president-doberfeld-snowcap-toronto\\\/\",\"name\":\"Jay Freedman - Nomm\u00e9 pr\u00e9sident d\u2019Oberfeld Snowcap Toronto - Oberfeld Snowcap\",\"isPartOf\":{\"@id\":\"https:\\\/\\\/oberfeldsnowcap.com\\\/#website\"},\"primaryImageOfPage\":{\"@id\":\"https:\\\/\\\/oberfeldsnowcap.com\\\/fr\\\/2024\\\/02\\\/jay-freedman-nomme-president-doberfeld-snowcap-toronto\\\/#primaryimage\"},\"image\":{\"@id\":\"https:\\\/\\\/oberfeldsnowcap.com\\\/fr\\\/2024\\\/02\\\/jay-freedman-nomme-president-doberfeld-snowcap-toronto\\\/#primaryimage\"},\"thumbnailUrl\":\"https:\\\/\\\/oberfeldsnowcap.com\\\/wp-content\\\/uploads\\\/2024\\\/02\\\/CHP5470_Jay-Freedman.jpg\",\"datePublished\":\"2024-02-22T21:52:43+00:00\",\"dateModified\":\"2024-02-28T19:32:29+00:00\",\"breadcrumb\":{\"@id\":\"https:\\\/\\\/oberfeldsnowcap.com\\\/fr\\\/2024\\\/02\\\/jay-freedman-nomme-president-doberfeld-snowcap-toronto\\\/#breadcrumb\"},\"inLanguage\":\"fr-FR\",\"potentialAction\":[{\"@type\":\"ReadAction\",\"target\":[\"https:\\\/\\\/oberfeldsnowcap.com\\\/fr\\\/2024\\\/02\\\/jay-freedman-nomme-president-doberfeld-snowcap-toronto\\\/\"]}]},{\"@type\":\"ImageObject\",\"inLanguage\":\"fr-FR\",\"@id\":\"https:\\\/\\\/oberfeldsnowcap.com\\\/fr\\\/2024\\\/02\\\/jay-freedman-nomme-president-doberfeld-snowcap-toronto\\\/#primaryimage\",\"url\":\"https:\\\/\\\/oberfeldsnowcap.com\\\/wp-content\\\/uploads\\\/2024\\\/02\\\/CHP5470_Jay-Freedman.jpg\",\"contentUrl\":\"https:\\\/\\\/oberfeldsnowcap.com\\\/wp-content\\\/uploads\\\/2024\\\/02\\\/CHP5470_Jay-Freedman.jpg\",\"width\":1966,\"height\":1311},{\"@type\":\"BreadcrumbList\",\"@id\":\"https:\\\/\\\/oberfeldsnowcap.com\\\/fr\\\/2024\\\/02\\\/jay-freedman-nomme-president-doberfeld-snowcap-toronto\\\/#breadcrumb\",\"itemListElement\":[{\"@type\":\"ListItem\",\"position\":1,\"name\":\"Home\",\"item\":\"https:\\\/\\\/oberfeldsnowcap.com\\\/fr\\\/\"},{\"@type\":\"ListItem\",\"position\":2,\"name\":\"Jay Freedman &#8211; Nomm\u00e9 pr\u00e9sident d\u2019Oberfeld Snowcap Toronto\"}]},{\"@type\":\"WebSite\",\"@id\":\"https:\\\/\\\/oberfeldsnowcap.com\\\/#website\",\"url\":\"https:\\\/\\\/oberfeldsnowcap.com\\\/\",\"name\":\"Oberfeld Snowcap\",\"description\":\"Commercial Real Estate &amp; Retail Advisory Services\",\"publisher\":{\"@id\":\"https:\\\/\\\/oberfeldsnowcap.com\\\/#organization\"},\"potentialAction\":[{\"@type\":\"SearchAction\",\"target\":{\"@type\":\"EntryPoint\",\"urlTemplate\":\"https:\\\/\\\/oberfeldsnowcap.com\\\/?s={search_term_string}\"},\"query-input\":{\"@type\":\"PropertyValueSpecification\",\"valueRequired\":true,\"valueName\":\"search_term_string\"}}],\"inLanguage\":\"fr-FR\"},{\"@type\":\"Organization\",\"@id\":\"https:\\\/\\\/oberfeldsnowcap.com\\\/#organization\",\"name\":\"OberfeldSnowcap\",\"url\":\"https:\\\/\\\/oberfeldsnowcap.com\\\/\",\"logo\":{\"@type\":\"ImageObject\",\"inLanguage\":\"fr-FR\",\"@id\":\"https:\\\/\\\/oberfeldsnowcap.com\\\/#\\\/schema\\\/logo\\\/image\\\/\",\"url\":\"https:\\\/\\\/oberfeldsnowcap.com\\\/wp-content\\\/uploads\\\/2021\\\/11\\\/2021_OS_BlackLine.png\",\"contentUrl\":\"https:\\\/\\\/oberfeldsnowcap.com\\\/wp-content\\\/uploads\\\/2021\\\/11\\\/2021_OS_BlackLine.png\",\"width\":792,\"height\":119,\"caption\":\"OberfeldSnowcap\"},\"image\":{\"@id\":\"https:\\\/\\\/oberfeldsnowcap.com\\\/#\\\/schema\\\/logo\\\/image\\\/\"},\"sameAs\":[\"https:\\\/\\\/x.com\\\/OberfeldSnowcap\",\"https:\\\/\\\/www.linkedin.com\\\/company\\\/130196?trk=tyah&amp;amp;trkInfo=clickedVertical:company,clickedEntityId:130196,idx:2-1-8,tarId:1468512726540,tas:oberfeld\"]},{\"@type\":\"Person\",\"@id\":\"https:\\\/\\\/oberfeldsnowcap.com\\\/#\\\/schema\\\/person\\\/a0bd48058704143de1d1ab53dbb2200c\",\"name\":\"Genevieve Laverdure\",\"image\":{\"@type\":\"ImageObject\",\"inLanguage\":\"fr-FR\",\"@id\":\"https:\\\/\\\/secure.gravatar.com\\\/avatar\\\/1b7da8a830b56473faee3ddae4c28ca99476a699d5c799df52b61021a4a0dca8?s=96&d=mm&r=g\",\"url\":\"https:\\\/\\\/secure.gravatar.com\\\/avatar\\\/1b7da8a830b56473faee3ddae4c28ca99476a699d5c799df52b61021a4a0dca8?s=96&d=mm&r=g\",\"contentUrl\":\"https:\\\/\\\/secure.gravatar.com\\\/avatar\\\/1b7da8a830b56473faee3ddae4c28ca99476a699d5c799df52b61021a4a0dca8?s=96&d=mm&r=g\",\"caption\":\"Genevieve Laverdure\"}}]}<\/script>\n<!-- \/ Yoast SEO Premium plugin. -->","yoast_head_json":{"title":"Jay Freedman - Nomm\u00e9 pr\u00e9sident d\u2019Oberfeld Snowcap Toronto - Oberfeld Snowcap","robots":{"index":"noindex","follow":"follow","max-snippet":"max-snippet:-1","max-image-preview":"max-image-preview:large","max-video-preview":"max-video-preview:-1"},"og_locale":"fr_FR","og_type":"article","og_title":"Jay Freedman - Nomm\u00e9 pr\u00e9sident d\u2019Oberfeld Snowcap Toronto","og_description":"Jay Freedman a \u00e9t\u00e9 nomm\u00e9 pr\u00e9sident d\u2019Oberfeld Snowcap, \u00e0 compter du 1er d\u00e9cembre. Dans son nouveau r\u00f4le, Jay sera responsable de toutes les divisions ax\u00e9es sur le client.\u00a0 Il s\u2019agit d\u2019une \u00e9tape importante dans l\u2019\u00e9volution du leadership de l\u2019entreprise et [&hellip;]","og_url":"https:\/\/oberfeldsnowcap.com\/fr\/2024\/02\/jay-freedman-nomme-president-doberfeld-snowcap-toronto\/","og_site_name":"Oberfeld Snowcap","article_published_time":"2024-02-22T21:52:43+00:00","article_modified_time":"2024-02-28T19:32:29+00:00","og_image":[{"width":1966,"height":1311,"url":"https:\/\/oberfeldsnowcap.com\/wp-content\/uploads\/2024\/02\/CHP5470_Jay-Freedman.jpg","type":"image\/jpeg"}],"author":"Genevieve Laverdure","twitter_misc":{"Written by":"Genevieve Laverdure","Est. reading time":"2 minutes"},"schema":{"@context":"https:\/\/schema.org","@graph":[{"@type":"Article","@id":"https:\/\/oberfeldsnowcap.com\/fr\/2024\/02\/jay-freedman-nomme-president-doberfeld-snowcap-toronto\/#article","isPartOf":{"@id":"https:\/\/oberfeldsnowcap.com\/fr\/2024\/02\/jay-freedman-nomme-president-doberfeld-snowcap-toronto\/"},"author":{"name":"Genevieve Laverdure","@id":"https:\/\/oberfeldsnowcap.com\/#\/schema\/person\/a0bd48058704143de1d1ab53dbb2200c"},"headline":"Jay Freedman &#8211; Nomm\u00e9 pr\u00e9sident d\u2019Oberfeld Snowcap Toronto","datePublished":"2024-02-22T21:52:43+00:00","dateModified":"2024-02-28T19:32:29+00:00","mainEntityOfPage":{"@id":"https:\/\/oberfeldsnowcap.com\/fr\/2024\/02\/jay-freedman-nomme-president-doberfeld-snowcap-toronto\/"},"wordCount":393,"commentCount":0,"publisher":{"@id":"https:\/\/oberfeldsnowcap.com\/#organization"},"image":{"@id":"https:\/\/oberfeldsnowcap.com\/fr\/2024\/02\/jay-freedman-nomme-president-doberfeld-snowcap-toronto\/#primaryimage"},"thumbnailUrl":"https:\/\/oberfeldsnowcap.com\/wp-content\/uploads\/2024\/02\/CHP5470_Jay-Freedman.jpg","articleSection":["Blogue","Non classifi\u00e9(e)","Nouvelles"],"inLanguage":"fr-FR","potentialAction":[{"@type":"CommentAction","name":"Comment","target":["https:\/\/oberfeldsnowcap.com\/fr\/2024\/02\/jay-freedman-nomme-president-doberfeld-snowcap-toronto\/#respond"]}]},{"@type":"WebPage","@id":"https:\/\/oberfeldsnowcap.com\/fr\/2024\/02\/jay-freedman-nomme-president-doberfeld-snowcap-toronto\/","url":"https:\/\/oberfeldsnowcap.com\/fr\/2024\/02\/jay-freedman-nomme-president-doberfeld-snowcap-toronto\/","name":"Jay Freedman - Nomm\u00e9 pr\u00e9sident d\u2019Oberfeld Snowcap Toronto - Oberfeld Snowcap","isPartOf":{"@id":"https:\/\/oberfeldsnowcap.com\/#website"},"primaryImageOfPage":{"@id":"https:\/\/oberfeldsnowcap.com\/fr\/2024\/02\/jay-freedman-nomme-president-doberfeld-snowcap-toronto\/#primaryimage"},"image":{"@id":"https:\/\/oberfeldsnowcap.com\/fr\/2024\/02\/jay-freedman-nomme-president-doberfeld-snowcap-toronto\/#primaryimage"},"thumbnailUrl":"https:\/\/oberfeldsnowcap.com\/wp-content\/uploads\/2024\/02\/CHP5470_Jay-Freedman.jpg","datePublished":"2024-02-22T21:52:43+00:00","dateModified":"2024-02-28T19:32:29+00:00","breadcrumb":{"@id":"https:\/\/oberfeldsnowcap.com\/fr\/2024\/02\/jay-freedman-nomme-president-doberfeld-snowcap-toronto\/#breadcrumb"},"inLanguage":"fr-FR","potentialAction":[{"@type":"ReadAction","target":["https:\/\/oberfeldsnowcap.com\/fr\/2024\/02\/jay-freedman-nomme-president-doberfeld-snowcap-toronto\/"]}]},{"@type":"ImageObject","inLanguage":"fr-FR","@id":"https:\/\/oberfeldsnowcap.com\/fr\/2024\/02\/jay-freedman-nomme-president-doberfeld-snowcap-toronto\/#primaryimage","url":"https:\/\/oberfeldsnowcap.com\/wp-content\/uploads\/2024\/02\/CHP5470_Jay-Freedman.jpg","contentUrl":"https:\/\/oberfeldsnowcap.com\/wp-content\/uploads\/2024\/02\/CHP5470_Jay-Freedman.jpg","width":1966,"height":1311},{"@type":"BreadcrumbList","@id":"https:\/\/oberfeldsnowcap.com\/fr\/2024\/02\/jay-freedman-nomme-president-doberfeld-snowcap-toronto\/#breadcrumb","itemListElement":[{"@type":"ListItem","position":1,"name":"Home","item":"https:\/\/oberfeldsnowcap.com\/fr\/"},{"@type":"ListItem","position":2,"name":"Jay Freedman &#8211; Nomm\u00e9 pr\u00e9sident d\u2019Oberfeld Snowcap Toronto"}]},{"@type":"WebSite","@id":"https:\/\/oberfeldsnowcap.com\/#website","url":"https:\/\/oberfeldsnowcap.com\/","name":"Oberfeld Snowcap","description":"Commercial Real Estate &amp; Retail Advisory Services","publisher":{"@id":"https:\/\/oberfeldsnowcap.com\/#organization"},"potentialAction":[{"@type":"SearchAction","target":{"@type":"EntryPoint","urlTemplate":"https:\/\/oberfeldsnowcap.com\/?s={search_term_string}"},"query-input":{"@type":"PropertyValueSpecification","valueRequired":true,"valueName":"search_term_string"}}],"inLanguage":"fr-FR"},{"@type":"Organization","@id":"https:\/\/oberfeldsnowcap.com\/#organization","name":"OberfeldSnowcap","url":"https:\/\/oberfeldsnowcap.com\/","logo":{"@type":"ImageObject","inLanguage":"fr-FR","@id":"https:\/\/oberfeldsnowcap.com\/#\/schema\/logo\/image\/","url":"https:\/\/oberfeldsnowcap.com\/wp-content\/uploads\/2021\/11\/2021_OS_BlackLine.png","contentUrl":"https:\/\/oberfeldsnowcap.com\/wp-content\/uploads\/2021\/11\/2021_OS_BlackLine.png","width":792,"height":119,"caption":"OberfeldSnowcap"},"image":{"@id":"https:\/\/oberfeldsnowcap.com\/#\/schema\/logo\/image\/"},"sameAs":["https:\/\/x.com\/OberfeldSnowcap","https:\/\/www.linkedin.com\/company\/130196?trk=tyah&amp;amp;trkInfo=clickedVertical:company,clickedEntityId:130196,idx:2-1-8,tarId:1468512726540,tas:oberfeld"]},{"@type":"Person","@id":"https:\/\/oberfeldsnowcap.com\/#\/schema\/person\/a0bd48058704143de1d1ab53dbb2200c","name":"Genevieve Laverdure","image":{"@type":"ImageObject","inLanguage":"fr-FR","@id":"https:\/\/secure.gravatar.com\/avatar\/1b7da8a830b56473faee3ddae4c28ca99476a699d5c799df52b61021a4a0dca8?s=96&d=mm&r=g","url":"https:\/\/secure.gravatar.com\/avatar\/1b7da8a830b56473faee3ddae4c28ca99476a699d5c799df52b61021a4a0dca8?s=96&d=mm&r=g","contentUrl":"https:\/\/secure.gravatar.com\/avatar\/1b7da8a830b56473faee3ddae4c28ca99476a699d5c799df52b61021a4a0dca8?s=96&d=mm&r=g","caption":"Genevieve Laverdure"}}]}},"_links":{"self":[{"href":"https:\/\/oberfeldsnowcap.com\/fr\/wp-json\/wp\/v2\/posts\/40925","targetHints":{"allow":["GET"]}}],"collection":[{"href":"https:\/\/oberfeldsnowcap.com\/fr\/wp-json\/wp\/v2\/posts"}],"about":[{"href":"https:\/\/oberfeldsnowcap.com\/fr\/wp-json\/wp\/v2\/types\/post"}],"author":[{"embeddable":true,"href":"https:\/\/oberfeldsnowcap.com\/fr\/wp-json\/wp\/v2\/users\/10"}],"replies":[{"embeddable":true,"href":"https:\/\/oberfeldsnowcap.com\/fr\/wp-json\/wp\/v2\/comments?post=40925"}],"version-history":[{"count":0,"href":"https:\/\/oberfeldsnowcap.com\/fr\/wp-json\/wp\/v2\/posts\/40925\/revisions"}],"wp:featuredmedia":[{"embeddable":true,"href":"https:\/\/oberfeldsnowcap.com\/fr\/wp-json\/wp\/v2\/media\/40924"}],"wp:attachment":[{"href":"https:\/\/oberfeldsnowcap.com\/fr\/wp-json\/wp\/v2\/media?parent=40925"}],"wp:term":[{"taxonomy":"category","embeddable":true,"href":"https:\/\/oberfeldsnowcap.com\/fr\/wp-json\/wp\/v2\/categories?post=40925"},{"taxonomy":"post_tag","embeddable":true,"href":"https:\/\/oberfeldsnowcap.com\/fr\/wp-json\/wp\/v2\/tags?post=40925"}],"curies":[{"name":"wp","href":"https:\/\/api.w.org\/{rel}","templated":true}]}}